[{"@context":"https:\/\/schema.org\/","@type":"Article","@id":"https:\/\/www.elipso.cz\/zasnoubili-jste-se\/#Article","mainEntityOfPage":"https:\/\/www.elipso.cz\/zasnoubili-jste-se\/","headline":"Zasnoubili jste se?","name":"Zasnoubili jste se?","description":"Mnoh\u00e9 p\u00e1ry se berou p\u0159esn\u011b podle tradice do roka a do dne od z\u00e1snub. Z\u00e1snuby se v sou\u010dasn\u00e9 dob\u011b p\u0159\u00edli\u0161 neslav\u00ed, ale i tak je ozn\u00e1men\u00ed z\u00e1snub v\u017edycky velkou ud\u00e1lost\u00ed. Jestli u\u017e za\u010d\u00edn\u00e1te p\u0159em\u00fd\u0161let kdy za\u010d\u00edt se svatebn\u00edmi p\u0159\u00edpravami, mus\u00edte v\u011bd\u011bt, \u017ee nikdy nen\u00ed dostate\u010dn\u011b brzo. P\u0159\u00edprava svatby trv\u00e1 opravdu dlouho, a v\u0161echno se odv\u00edj\u00ed...","datePublished":"2024-09-17","dateModified":"2024-09-17","author":{"@type":"Person","@id":"https:\/\/www.elipso.cz\/author\/devene\/#Person","name":"devene","url":"https:\/\/www.elipso.cz\/author\/devene\/","identifier":1,"image":{"@type":"ImageObject","@id":"https:\/\/secure.gravatar.com\/avatar\/06eaac2906ebd8f5abb4917f3140de1503ec690466d6a69c4ec202bf5b15537c?s=96&d=mm&r=g","url":"https:\/\/secure.gravatar.com\/avatar\/06eaac2906ebd8f5abb4917f3140de1503ec690466d6a69c4ec202bf5b15537c?s=96&d=mm&r=g","height":96,"width":96}},"publisher":{"@type":"Organization","name":"elipso.cz","logo":{"@type":"ImageObject","@id":"\/logo.png","url":"\/logo.png","width":600,"height":60}},"image":{"@type":"ImageObject","@id":"https:\/\/www.elipso.cz\/wp-content\/uploads\/bride-6230420_640_5.jpg","url":"https:\/\/www.elipso.cz\/wp-content\/uploads\/bride-6230420_640_5.jpg","height":0,"width":0},"url":"https:\/\/www.elipso.cz\/zasnoubili-jste-se\/","about":["Byznys"],"wordCount":438,"articleBody":"      Mnoh\u00e9 p\u00e1ry se berou p\u0159esn\u011b podle tradice do roka a do dne od z\u00e1snub. Z\u00e1snuby se v sou\u010dasn\u00e9 dob\u011b p\u0159\u00edli\u0161 neslav\u00ed, ale i tak je ozn\u00e1men\u00ed z\u00e1snub v\u017edycky velkou ud\u00e1lost\u00ed. Jestli u\u017e za\u010d\u00edn\u00e1te p\u0159em\u00fd\u0161let kdy za\u010d\u00edt se svatebn\u00edmi p\u0159\u00edpravami, mus\u00edte v\u011bd\u011bt, \u017ee nikdy nen\u00ed dostate\u010dn\u011b brzo. P\u0159\u00edprava svatby trv\u00e1 opravdu dlouho, a v\u0161echno se odv\u00edj\u00ed od toho, co v\u0161echno na svatb\u011b chcete. Pokud se nechcete br\u00e1t na radnici ale n\u011bkde mimo, nap\u0159\u00edklad v zahradn\u00edm s\u00e1le, mus\u00edte si naj\u00edt vhodn\u00e9 m\u00edsto a v\u010das si zarezervovat term\u00edn. Jakmile m\u00e1te zaji\u0161t\u011bn\u00e9 m\u00edsto, m\u016f\u017eete pokra\u010dovat d\u00e1l. Co v\u011bt\u0161in\u011b nev\u011bst trv\u00e1 dlouho vybrat jsou svatebn\u00ed \u0161aty. Nejde jen o to, \u017ee nev\u011bsty n\u011bkdy nemohou naj\u00edt co by se jim l\u00edbilo, ale jde tak\u00e9 o rozpo\u010det, o styl svatby a tak\u00e9 o velikost. V\u011bt\u0161ina \u0161at\u016f se \u0161ije je v men\u0161\u00ed velikostech, a tak n\u011bkter\u00e9 nev\u011bsty nese\u017eenou \u0161aty kter\u00e9 by se jim l\u00edbily. V takov\u00e9m p\u0159\u00edpad\u011b je ide\u00e1ln\u00ed nechat si u\u0161\u00edt \u0161aty na m\u00edru. Je d\u016fle\u017eit\u00e9 si uv\u011bdomit \u017ee v p\u0159\u00edpad\u011b u\u017eit\u00ed \u0161at\u016f na m\u00edru anebo \u00fapravy koupen\u00fdch \u0161at\u016f budete na v\u00fdsledek \u00faprav \u010dekat klidn\u011b i n\u011bkolik m\u011bs\u00edc\u016f. V\u0161e z\u00e1vis\u00ed a vyt\u00ed\u017eenosti \u0161ic\u00ed d\u00edlny. Na druh\u00e9 stran\u011b jsou tu nev\u011bsty, kter\u00e9 se spokoj\u00ed s \u0161aty, kter\u00e9 jim padnou a kter\u00e9 se jim zase tolik nel\u00edb\u00ed.Jde jim hlavn\u011b o to, aby m\u011bly svatebn\u00ed \u0161aty, a tak vyu\u017e\u00edvaj\u00ed t\u0159eba i v\u00fdprodej svatebn\u00edch \u0161at\u016f v Praze. V na\u0161em salonu pravideln\u011b doch\u00e1z\u00ed k odm\u011b\u0148ov\u00e1n\u00ed kolekc\u00ed \u0161at\u016f, a tak vyprod\u00e1v\u00e1me posledn\u00ed kusy ze star\u0161\u00edch kolekc\u00ed. To m\u016f\u017ee b\u00fdt va\u0161e \u0161ance, a pokud chcete u\u0161et\u0159it anebo pokud je v\u00e1m jedno jak\u00e9 \u0161aty na sebe oble\u010dete, m\u016f\u017eete je naj\u00edt i ve v\u00fdprodeji. N\u00e1\u0161 salon m\u00e1 dv\u011b pobo\u010dky \u2013 v Praze a v Pa\u0159\u00ed\u017ei. Pa\u0159\u00ed\u017e je pova\u017eov\u00e1na u\u017e v\u00edce ne\u017e 100 let za hlavn\u00ed m\u011bsto m\u00f3dy, tak\u017ee se nen\u00ed \u010demu divit \u017ee nejlep\u0161\u00ed spole\u010densk\u00e9, ve\u010dern\u00ed, plesov\u00e9 a svatebn\u00ed \u0161aty najdete pr\u00e1v\u011b u n\u00e1s. I proto k n\u00e1m chod\u00ed mnoho nev\u011bst, kter\u00e9 si od n\u00e1s nakonec \u0161aty odnesou.                                                                                                                                                                                                                                                                                                                                                                                          4.7\/5 - (10 votes)        "},{"@context":"https:\/\/schema.org\/","@type":"BreadcrumbList","itemListElement":[{"@type":"ListItem","position":1,"name":"Zasnoubili jste se?","item":"https:\/\/www.elipso.cz\/zasnoubili-jste-se\/#breadcrumbitem"}]}]