[{"@context":"https:\/\/schema.org\/","@type":"Article","@id":"https:\/\/www.elipso.cz\/skolni-obedy\/#Article","mainEntityOfPage":"https:\/\/www.elipso.cz\/skolni-obedy\/","headline":"\u0160koln\u00ed ob\u011bdy","name":"\u0160koln\u00ed ob\u011bdy","description":"Kde jsou ty doby, kdy jsem je\u0161t\u011b na z\u00e1kladn\u00ed \u0161kole chodila na ob\u011bdy? Byla jsem docela zvl\u00e1\u0161tn\u00ed d\u00edt\u011b. V\u017edycky jsem p\u0159i\u0161la do j\u00eddelny a m\u011bla jsem obrovsk\u00fd hlad. V\u011bt\u0161ina d\u011bt\u00ed v t\u00e9 dob\u011b nad \u0161koln\u00edmi ob\u011bdy z j\u00eddelny doslova frf\u0148alo a j\u00e1 bych jej snad sn\u011bdla i s tal\u00ed\u0159em. Naprosto jsem to nech\u00e1pala. Asi jsem...","datePublished":"2024-01-15","dateModified":"2024-02-16","author":{"@type":"Person","@id":"https:\/\/www.elipso.cz\/author\/devene\/#Person","name":"devene","url":"https:\/\/www.elipso.cz\/author\/devene\/","identifier":1,"image":{"@type":"ImageObject","@id":"https:\/\/secure.gravatar.com\/avatar\/06eaac2906ebd8f5abb4917f3140de1503ec690466d6a69c4ec202bf5b15537c?s=96&d=mm&r=g","url":"https:\/\/secure.gravatar.com\/avatar\/06eaac2906ebd8f5abb4917f3140de1503ec690466d6a69c4ec202bf5b15537c?s=96&d=mm&r=g","height":96,"width":96}},"publisher":{"@type":"Organization","name":"elipso.cz","logo":{"@type":"ImageObject","@id":"\/logo.png","url":"\/logo.png","width":600,"height":60}},"image":{"@type":"ImageObject","@id":"https:\/\/www.elipso.cz\/wp-content\/uploads\/pexels-valeria-boltneva-20182292.jpg","url":"https:\/\/www.elipso.cz\/wp-content\/uploads\/pexels-valeria-boltneva-20182292.jpg","height":0,"width":0},"url":"https:\/\/www.elipso.cz\/skolni-obedy\/","about":["Zbo\u017e\u00ed"],"wordCount":421,"articleBody":"   Kde jsou ty doby, kdy jsem je\u0161t\u011b na z\u00e1kladn\u00ed \u0161kole chodila na ob\u011bdy? Byla jsem docela zvl\u00e1\u0161tn\u00ed d\u00edt\u011b. V\u017edycky jsem p\u0159i\u0161la do j\u00eddelny a m\u011bla jsem obrovsk\u00fd hlad. V\u011bt\u0161ina d\u011bt\u00ed v t\u00e9 dob\u011b nad \u0161koln\u00edmi ob\u011bdy z j\u00eddelny doslova frf\u0148alo a j\u00e1 bych jej snad sn\u011bdla i s tal\u00ed\u0159em. Naprosto jsem to nech\u00e1pala. Asi jsem nebyla tak vyb\u00edrav\u00e1, jako ostatn\u00ed. \u0160koln\u00ed ob\u011bdy mi opravdu chutnaly a t\u011b\u0161ila jsem se na n\u011b ka\u017ed\u00fd den. Sed\u011bla jsem u j\u00eddeln\u00edho stolu, pozorovala okol\u00ed, jedla a ob\u010das si ke mn\u011b p\u0159isedla i kamar\u00e1dka, kter\u00e1 byla o ro\u010dn\u00edk star\u0161\u00ed, ale mn\u011b to v\u016fbec nevadilo. Byla toti\u017e mnohem chyt\u0159ej\u0161\u00ed ne\u017e moje vrstevnice. Jedin\u00fd m\u016fj probl\u00e9m byl, \u017ee jsem byla hlava d\u011brav\u00e1 a v\u011b\u010dn\u011b jsem ztr\u00e1cela \u0161koln\u00ed \u010dip. A to si dovedete p\u0159edstavit, jak\u00e9 kolem toho v\u017edycky byly \u0159e\u010di. Neust\u00e1le se m\u011b ptali, pro\u010d ztr\u00e1c\u00edm \u010dip, \u017ee budu muset kupovat nov\u00fd. A j\u00e1 jim na to odpov\u00eddala, \u017ee za to p\u0159ece nem\u016f\u017eu, \u017ee to ned\u011bl\u00e1m schv\u00e1ln\u011b. Prost\u011b jsem od p\u0159\u00edrody takov\u00e1, \u017ee v\u0161echno ztr\u00e1c\u00edm, ka\u017ed\u00fd je n\u011bjak\u00fd. Abych ale pravdu \u0159ekla, hrozn\u011b mi to bezstarostn\u00e9 obdob\u00ed chyb\u00ed. Obdob\u00ed, kdy jsem \u0159e\u0161ila \u00fapln\u00e9 kraviny a nem\u011bla jsem v\u00e1\u017en\u00e9 starosti a v\u0161echno s odstupem \u010dasu v t\u00e9 dob\u011b bylo zalit\u00e9 sluncem. Oproti dne\u0161n\u00ed dob\u011b to v\u016fbec probl\u00e9my nebyly. A vtip spo\u010d\u00edv\u00e1 v tom, jak jsem to vy\u0159e\u0161ila. Jednou jsem narazila na to, \u017ee kamar\u00e1dka m\u00e1 kl\u00ed\u010denky na krk https:\/\/www.promodarky.cz\/kategorie\/reklamni-predmety\/klicenky\/klicenky-na-krk\/ a na n\u00ed \u0161koln\u00ed \u010dip, a tak jsem se toho chytla a ud\u011blala \u00fapln\u011b to stejn\u00e9. A r\u00e1zem jsem \u010dip neztr\u00e1cela a pro m\u011b to bylo, jako kdybych objevila Ameriku. A tak u\u017e zazvonil zvonec a ztracen\u00e9mu \u010dipu je konec. Od t\u00e9 doby jsem neztratila ani jeden, a tak jsem v klidu d\u00e1l mohla chodit na \u0161koln\u00ed ob\u011bdy. A bylo to. No vid\u00edte. A pointa tohohle vypr\u00e1v\u011bn\u00ed je v tom, \u017ee n\u011bkdy je \u0159e\u0161en\u00ed na v\u00e1\u0161 probl\u00e9m opravdu jednoduch\u00e9 a doslova ho m\u00e1te p\u0159ed nosem, jenom ho mus\u00edte cht\u00edt hledat a uvid\u00edte, \u017ee to p\u016fjde.                                                                                                                                                                                                                                                                                                                                                                                           4.2\/5 - (6 votes)        "},{"@context":"https:\/\/schema.org\/","@type":"BreadcrumbList","itemListElement":[{"@type":"ListItem","position":1,"name":"\u0160koln\u00ed ob\u011bdy","item":"https:\/\/www.elipso.cz\/skolni-obedy\/#breadcrumbitem"}]}]