[{"@context":"https:\/\/schema.org\/","@type":"Article","@id":"https:\/\/www.elipso.cz\/prekvapte-sve-kamarady\/#Article","mainEntityOfPage":"https:\/\/www.elipso.cz\/prekvapte-sve-kamarady\/","headline":"P\u0159ekvapte sv\u00e9 kamar\u00e1dy","name":"P\u0159ekvapte sv\u00e9 kamar\u00e1dy","description":"M\u00e1te narozeniny nebo slav\u00edte v\u00fdro\u010d\u00ed a cht\u011bli byste sv\u00e9 hosty p\u0159ekvapit v\u00fdborn\u00fdm ob\u010derstven\u00edm? Potom si prohl\u00e9dn\u011bte nab\u00eddku pizza Praha a p\u00e1rty m\u016f\u017ee za\u010d\u00edt! Pozvan\u00e9 p\u0159\u00e1tele pot\u011b\u0161\u00edte na\u0161imi italsk\u00fdmi specialitami a k tomu kvalitn\u00edmi v\u00edny. Na\u0161i kucha\u0159i V\u00e1m j\u00eddlo nava\u0159\u00ed se v\u0161\u00ed p\u00e9\u010d\u00ed tak, aby Va\u0161e oslava byla nezapomenuteln\u00e1 a dlouho se na ni vzpom\u00ednalo. Lahodn\u00e9...","datePublished":"2025-04-27","dateModified":"2025-04-27","author":{"@type":"Person","@id":"https:\/\/www.elipso.cz\/author\/devene\/#Person","name":"devene","url":"https:\/\/www.elipso.cz\/author\/devene\/","identifier":1,"image":{"@type":"ImageObject","@id":"https:\/\/secure.gravatar.com\/avatar\/06eaac2906ebd8f5abb4917f3140de1503ec690466d6a69c4ec202bf5b15537c?s=96&d=mm&r=g","url":"https:\/\/secure.gravatar.com\/avatar\/06eaac2906ebd8f5abb4917f3140de1503ec690466d6a69c4ec202bf5b15537c?s=96&d=mm&r=g","height":96,"width":96}},"publisher":{"@type":"Organization","name":"elipso.cz","logo":{"@type":"ImageObject","@id":"\/logo.png","url":"\/logo.png","width":600,"height":60}},"url":"https:\/\/www.elipso.cz\/prekvapte-sve-kamarady\/","wordCount":171,"articleBody":"M\u00e1te narozeniny nebo slav\u00edte v\u00fdro\u010d\u00ed a cht\u011bli byste sv\u00e9 hosty p\u0159ekvapit v\u00fdborn\u00fdm ob\u010derstven\u00edm? Potom si prohl\u00e9dn\u011bte nab\u00eddku pizza Praha a p\u00e1rty m\u016f\u017ee za\u010d\u00edt! Pozvan\u00e9 p\u0159\u00e1tele pot\u011b\u0161\u00edte na\u0161imi italsk\u00fdmi specialitami a k tomu kvalitn\u00edmi v\u00edny. Na\u0161i kucha\u0159i V\u00e1m j\u00eddlo nava\u0159\u00ed se v\u0161\u00ed p\u00e9\u010d\u00ed tak, aby Va\u0161e oslava byla nezapomenuteln\u00e1 a dlouho se na ni vzpom\u00ednalo.Lahodn\u00e9 mas\u00ed\u010dko pro V\u00e1sChcete-li vyzkou\u0161et n\u011bco jin\u00e9ho ne\u017e t\u011bstoviny a pizzu, v tom p\u0159\u00edpad\u011b Va\u0161e chut\u011b tak\u00e9 uspokoj\u00edme. Nab\u00edz\u00edme r\u016fzn\u011b upraven\u00e9 \u0161\u0165avnat\u00e9 ku\u0159ec\u00ed pl\u00e1tky i vep\u0159ov\u00e9 kotletky. Tatarsk\u00fd biftek po italsku se pro V\u00e1s stane gurm\u00e1nsk\u00fdm z\u00e1\u017eitkem. Vyzkou\u0161ejte ku\u0159ec\u00ed k\u0159\u00eddla a pali\u010dky \u010di vep\u0159ov\u00e1 \u017eeb\u00edrka v marin\u00e1d\u011b a budete se olizovat je\u0161t\u011b druh\u00fd den. Va\u0159\u00edme pro V\u00e1s s l\u00e1skou!                                                                                                                                                                                                                                                                                                                                                                                                "},{"@context":"https:\/\/schema.org\/","@type":"BreadcrumbList","itemListElement":[{"@type":"ListItem","position":1,"name":"P\u0159ekvapte sv\u00e9 kamar\u00e1dy","item":"https:\/\/www.elipso.cz\/prekvapte-sve-kamarady\/#breadcrumbitem"}]}]