[{"@context":"https:\/\/schema.org\/","@type":"Blog","@id":"https:\/\/www.elipso.cz#Blog","headline":"Elipso","description":"\nUr\u010dit\u011b v\u00e1m na tomto m\u00edst\u011b nebudeme tvrdit, \u017ee je n\u00e1\u0161 web n\u011b\u010d\u00edm naprosto dokonal\u00fdm. Rad\u0161i po\u010dk\u00e1me, a\u017e ho nav\u0161t\u00edv\u00edte a budete to o n\u00e1s tvrdit vy.","url":"https:\/\/www.elipso.cz","hasPart":[{"@type":"Article","@id":"https:\/\/www.elipso.cz\/seznamili-jsme-se-na-plese\/","headline":"Sezn\u00e1mili jsme se na plese","url":"https:\/\/www.elipso.cz\/seznamili-jsme-se-na-plese\/","datePublished":"2024-06-16","dateModified":"2024-06-16","mainEntityOfPage":"https:\/\/www.elipso.cz\/seznamili-jsme-se-na-plese\/","author":{"@type":"Person","@id":"https:\/\/www.elipso.cz\/author\/devene\/#Person","name":"devene","url":"https:\/\/www.elipso.cz\/author\/devene\/","identifier":1,"image":{"@type":"ImageObject","@id":"https:\/\/secure.gravatar.com\/avatar\/06eaac2906ebd8f5abb4917f3140de1503ec690466d6a69c4ec202bf5b15537c?s=96&d=mm&r=g","url":"https:\/\/secure.gravatar.com\/avatar\/06eaac2906ebd8f5abb4917f3140de1503ec690466d6a69c4ec202bf5b15537c?s=96&d=mm&r=g","height":96,"width":96}},"publisher":{"@type":"Organization","name":"elipso.cz","logo":{"@type":"ImageObject","@id":"\/logo.png","url":"\/logo.png","width":600,"height":60}},"image":{"@type":"ImageObject","@id":"https:\/\/www.elipso.cz\/wp-content\/uploads\/wedding-1605322_640_1.jpg","url":"https:\/\/www.elipso.cz\/wp-content\/uploads\/wedding-1605322_640_1.jpg","height":0,"width":0},"wordCount":649,"keywords":null},{"@type":"Article","@id":"https:\/\/www.elipso.cz\/rana-pod-pas\/","headline":"R\u00e1na pod p\u00e1s","url":"https:\/\/www.elipso.cz\/rana-pod-pas\/","datePublished":"2024-06-12","dateModified":"2024-06-12","mainEntityOfPage":"https:\/\/www.elipso.cz\/rana-pod-pas\/","author":{"@type":"Person","@id":"https:\/\/www.elipso.cz\/author\/devene\/#Person","name":"devene","url":"https:\/\/www.elipso.cz\/author\/devene\/","identifier":1,"image":{"@type":"ImageObject","@id":"https:\/\/secure.gravatar.com\/avatar\/06eaac2906ebd8f5abb4917f3140de1503ec690466d6a69c4ec202bf5b15537c?s=96&d=mm&r=g","url":"https:\/\/secure.gravatar.com\/avatar\/06eaac2906ebd8f5abb4917f3140de1503ec690466d6a69c4ec202bf5b15537c?s=96&d=mm&r=g","height":96,"width":96}},"publisher":{"@type":"Organization","name":"elipso.cz","logo":{"@type":"ImageObject","@id":"\/logo.png","url":"\/logo.png","width":600,"height":60}},"image":{"@type":"ImageObject","@id":"https:\/\/www.elipso.cz\/wp-content\/uploads\/viagra-70398_640_10_10_10_10_10_10_10_10_10_10_4.jpg","url":"https:\/\/www.elipso.cz\/wp-content\/uploads\/viagra-70398_640_10_10_10_10_10_10_10_10_10_10_4.jpg","height":0,"width":0},"wordCount":669,"keywords":null},{"@type":"Article","@id":"https:\/\/www.elipso.cz\/nase-mobily\/","headline":"Na\u0161e mobily","url":"https:\/\/www.elipso.cz\/nase-mobily\/","datePublished":"2024-05-29","dateModified":"2024-05-29","mainEntityOfPage":"https:\/\/www.elipso.cz\/nase-mobily\/","author":{"@type":"Person","@id":"https:\/\/www.elipso.cz\/author\/devene\/#Person","name":"devene","url":"https:\/\/www.elipso.cz\/author\/devene\/","identifier":1,"image":{"@type":"ImageObject","@id":"https:\/\/secure.gravatar.com\/avatar\/06eaac2906ebd8f5abb4917f3140de1503ec690466d6a69c4ec202bf5b15537c?s=96&d=mm&r=g","url":"https:\/\/secure.gravatar.com\/avatar\/06eaac2906ebd8f5abb4917f3140de1503ec690466d6a69c4ec202bf5b15537c?s=96&d=mm&r=g","height":96,"width":96}},"publisher":{"@type":"Organization","name":"elipso.cz","logo":{"@type":"ImageObject","@id":"\/logo.png","url":"\/logo.png","width":600,"height":60}},"image":{"@type":"ImageObject","@id":"https:\/\/www.elipso.cz\/wp-content\/uploads\/iphone-4-755580_1280_7.jpg","url":"https:\/\/www.elipso.cz\/wp-content\/uploads\/iphone-4-755580_1280_7.jpg","height":0,"width":0},"wordCount":510,"keywords":null},{"@type":"Article","@id":"https:\/\/www.elipso.cz\/hudba-hrou\/","headline":"Hudba hrou","url":"https:\/\/www.elipso.cz\/hudba-hrou\/","datePublished":"2024-05-27","dateModified":"2024-05-27","mainEntityOfPage":"https:\/\/www.elipso.cz\/hudba-hrou\/","author":{"@type":"Person","@id":"https:\/\/www.elipso.cz\/author\/devene\/#Person","name":"devene","url":"https:\/\/www.elipso.cz\/author\/devene\/","identifier":1,"image":{"@type":"ImageObject","@id":"https:\/\/secure.gravatar.com\/avatar\/06eaac2906ebd8f5abb4917f3140de1503ec690466d6a69c4ec202bf5b15537c?s=96&d=mm&r=g","url":"https:\/\/secure.gravatar.com\/avatar\/06eaac2906ebd8f5abb4917f3140de1503ec690466d6a69c4ec202bf5b15537c?s=96&d=mm&r=g","height":96,"width":96}},"publisher":{"@type":"Organization","name":"elipso.cz","logo":{"@type":"ImageObject","@id":"\/logo.png","url":"\/logo.png","width":600,"height":60}},"image":{"@type":"ImageObject","@id":"https:\/\/www.elipso.cz\/wp-content\/uploads\/kids-1093758_640_4.jpg","url":"https:\/\/www.elipso.cz\/wp-content\/uploads\/kids-1093758_640_4.jpg","height":0,"width":0},"wordCount":538,"keywords":null},{"@type":"Article","@id":"https:\/\/www.elipso.cz\/vyhnete-se-alergiim\/","headline":"Vyhn\u011bte se alergi\u00edm","url":"https:\/\/www.elipso.cz\/vyhnete-se-alergiim\/","datePublished":"2024-04-29","dateModified":"2024-04-29","mainEntityOfPage":"https:\/\/www.elipso.cz\/vyhnete-se-alergiim\/","author":{"@type":"Person","@id":"https:\/\/www.elipso.cz\/author\/devene\/#Person","name":"devene","url":"https:\/\/www.elipso.cz\/author\/devene\/","identifier":1,"image":{"@type":"ImageObject","@id":"https:\/\/secure.gravatar.com\/avatar\/06eaac2906ebd8f5abb4917f3140de1503ec690466d6a69c4ec202bf5b15537c?s=96&d=mm&r=g","url":"https:\/\/secure.gravatar.com\/avatar\/06eaac2906ebd8f5abb4917f3140de1503ec690466d6a69c4ec202bf5b15537c?s=96&d=mm&r=g","height":96,"width":96}},"publisher":{"@type":"Organization","name":"elipso.cz","logo":{"@type":"ImageObject","@id":"\/logo.png","url":"\/logo.png","width":600,"height":60}},"image":null,"wordCount":280,"keywords":null},{"@type":"Article","@id":"https:\/\/www.elipso.cz\/venujte-pozornost-vymalbe\/","headline":"V\u011bnujte pozornost v\u00fdmalb\u011b","url":"https:\/\/www.elipso.cz\/venujte-pozornost-vymalbe\/","datePublished":"2024-04-28","dateModified":"2024-04-28","mainEntityOfPage":"https:\/\/www.elipso.cz\/venujte-pozornost-vymalbe\/","author":{"@type":"Person","@id":"https:\/\/www.elipso.cz\/author\/devene\/#Person","name":"devene","url":"https:\/\/www.elipso.cz\/author\/devene\/","identifier":1,"image":{"@type":"ImageObject","@id":"https:\/\/secure.gravatar.com\/avatar\/06eaac2906ebd8f5abb4917f3140de1503ec690466d6a69c4ec202bf5b15537c?s=96&d=mm&r=g","url":"https:\/\/secure.gravatar.com\/avatar\/06eaac2906ebd8f5abb4917f3140de1503ec690466d6a69c4ec202bf5b15537c?s=96&d=mm&r=g","height":96,"width":96}},"publisher":{"@type":"Organization","name":"elipso.cz","logo":{"@type":"ImageObject","@id":"\/logo.png","url":"\/logo.png","width":600,"height":60}},"image":{"@type":"ImageObject","@id":"https:\/\/www.elipso.cz\/wp-content\/uploads\/architecture-2576906_640(1).jpg","url":"https:\/\/www.elipso.cz\/wp-content\/uploads\/architecture-2576906_640(1).jpg","height":0,"width":0},"wordCount":551,"keywords":null},{"@type":"Article","@id":"https:\/\/www.elipso.cz\/udelejte-ten-spravny-krok\/","headline":"Ud\u011blejte ten spr\u00e1vn\u00fd krok","url":"https:\/\/www.elipso.cz\/udelejte-ten-spravny-krok\/","datePublished":"2024-04-19","dateModified":"2024-04-19","mainEntityOfPage":"https:\/\/www.elipso.cz\/udelejte-ten-spravny-krok\/","author":{"@type":"Person","@id":"https:\/\/www.elipso.cz\/author\/devene\/#Person","name":"devene","url":"https:\/\/www.elipso.cz\/author\/devene\/","identifier":1,"image":{"@type":"ImageObject","@id":"https:\/\/secure.gravatar.com\/avatar\/06eaac2906ebd8f5abb4917f3140de1503ec690466d6a69c4ec202bf5b15537c?s=96&d=mm&r=g","url":"https:\/\/secure.gravatar.com\/avatar\/06eaac2906ebd8f5abb4917f3140de1503ec690466d6a69c4ec202bf5b15537c?s=96&d=mm&r=g","height":96,"width":96}},"publisher":{"@type":"Organization","name":"elipso.cz","logo":{"@type":"ImageObject","@id":"\/logo.png","url":"\/logo.png","width":600,"height":60}},"image":null,"wordCount":300,"keywords":null},{"@type":"Article","@id":"https:\/\/www.elipso.cz\/prilezitost-pro-kazdeho\/","headline":"P\u0159\u00edle\u017eitost pro ka\u017ed\u00e9ho","url":"https:\/\/www.elipso.cz\/prilezitost-pro-kazdeho\/","datePublished":"2024-04-16","dateModified":"2024-04-16","mainEntityOfPage":"https:\/\/www.elipso.cz\/prilezitost-pro-kazdeho\/","author":{"@type":"Person","@id":"https:\/\/www.elipso.cz\/author\/devene\/#Person","name":"devene","url":"https:\/\/www.elipso.cz\/author\/devene\/","identifier":1,"image":{"@type":"ImageObject","@id":"https:\/\/secure.gravatar.com\/avatar\/06eaac2906ebd8f5abb4917f3140de1503ec690466d6a69c4ec202bf5b15537c?s=96&d=mm&r=g","url":"https:\/\/secure.gravatar.com\/avatar\/06eaac2906ebd8f5abb4917f3140de1503ec690466d6a69c4ec202bf5b15537c?s=96&d=mm&r=g","height":96,"width":96}},"publisher":{"@type":"Organization","name":"elipso.cz","logo":{"@type":"ImageObject","@id":"\/logo.png","url":"\/logo.png","width":600,"height":60}},"image":null,"wordCount":307,"keywords":null},{"@type":"Article","@id":"https:\/\/www.elipso.cz\/pujcky-jsou-i-pro-podnikatele\/","headline":"P\u016fj\u010dky jsou i pro podnikatele","url":"https:\/\/www.elipso.cz\/pujcky-jsou-i-pro-podnikatele\/","datePublished":"2024-04-15","dateModified":"2024-05-15","mainEntityOfPage":"https:\/\/www.elipso.cz\/pujcky-jsou-i-pro-podnikatele\/","author":{"@type":"Person","@id":"https:\/\/www.elipso.cz\/author\/devene\/#Person","name":"devene","url":"https:\/\/www.elipso.cz\/author\/devene\/","identifier":1,"image":{"@type":"ImageObject","@id":"https:\/\/secure.gravatar.com\/avatar\/06eaac2906ebd8f5abb4917f3140de1503ec690466d6a69c4ec202bf5b15537c?s=96&d=mm&r=g","url":"https:\/\/secure.gravatar.com\/avatar\/06eaac2906ebd8f5abb4917f3140de1503ec690466d6a69c4ec202bf5b15537c?s=96&d=mm&r=g","height":96,"width":96}},"publisher":{"@type":"Organization","name":"elipso.cz","logo":{"@type":"ImageObject","@id":"\/logo.png","url":"\/logo.png","width":600,"height":60}},"image":{"@type":"ImageObject","@id":"https:\/\/www.elipso.cz\/wp-content\/uploads\/fff_10_10_10_3.jpg","url":"https:\/\/www.elipso.cz\/wp-content\/uploads\/fff_10_10_10_3.jpg","height":0,"width":0},"wordCount":610,"keywords":null},{"@type":"Article","@id":"https:\/\/www.elipso.cz\/hypoteka-od-nas-je-tim-co-hledate\/","headline":"Hypot\u00e9ka od n\u00e1s je t\u00edm, co hled\u00e1te","url":"https:\/\/www.elipso.cz\/hypoteka-od-nas-je-tim-co-hledate\/","datePublished":"2024-04-07","dateModified":"2024-04-07","mainEntityOfPage":"https:\/\/www.elipso.cz\/hypoteka-od-nas-je-tim-co-hledate\/","author":{"@type":"Person","@id":"https:\/\/www.elipso.cz\/author\/devene\/#Person","name":"devene","url":"https:\/\/www.elipso.cz\/author\/devene\/","identifier":1,"image":{"@type":"ImageObject","@id":"https:\/\/secure.gravatar.com\/avatar\/06eaac2906ebd8f5abb4917f3140de1503ec690466d6a69c4ec202bf5b15537c?s=96&d=mm&r=g","url":"https:\/\/secure.gravatar.com\/avatar\/06eaac2906ebd8f5abb4917f3140de1503ec690466d6a69c4ec202bf5b15537c?s=96&d=mm&r=g","height":96,"width":96}},"publisher":{"@type":"Organization","name":"elipso.cz","logo":{"@type":"ImageObject","@id":"\/logo.png","url":"\/logo.png","width":600,"height":60}},"image":null,"wordCount":282,"keywords":null}]},{"@context":"https:\/\/schema.org","@type":"WebSite","@id":"https:\/\/www.elipso.cz\/#website","name":"Elipso","url":"https:\/\/www.elipso.cz","potentialAction":{"@type":"SearchAction","target":"https:\/\/www.elipso.cz\/?s={search_term_string}","query-input":"required name=search_term_string"}}]