[{"@context":"https:\/\/schema.org\/","@type":"Blog","@id":"https:\/\/www.elipso.cz#Blog","headline":"Elipso","description":"\nUr\u010dit\u011b v\u00e1m na tomto m\u00edst\u011b nebudeme tvrdit, \u017ee je n\u00e1\u0161 web n\u011b\u010d\u00edm naprosto dokonal\u00fdm. Rad\u0161i po\u010dk\u00e1me, a\u017e ho nav\u0161t\u00edv\u00edte a budete to o n\u00e1s tvrdit vy.","url":"https:\/\/www.elipso.cz","hasPart":[{"@type":"Article","@id":"https:\/\/www.elipso.cz\/zdokonalte-svoje-plavani\/","headline":"Zdokonalte svoje plav\u00e1n\u00ed","url":"https:\/\/www.elipso.cz\/zdokonalte-svoje-plavani\/","datePublished":"2024-11-28","dateModified":"2024-11-28","mainEntityOfPage":"https:\/\/www.elipso.cz\/zdokonalte-svoje-plavani\/","author":{"@type":"Person","@id":"https:\/\/www.elipso.cz\/author\/devene\/#Person","name":"devene","url":"https:\/\/www.elipso.cz\/author\/devene\/","identifier":1,"image":{"@type":"ImageObject","@id":"https:\/\/secure.gravatar.com\/avatar\/06eaac2906ebd8f5abb4917f3140de1503ec690466d6a69c4ec202bf5b15537c?s=96&d=mm&r=g","url":"https:\/\/secure.gravatar.com\/avatar\/06eaac2906ebd8f5abb4917f3140de1503ec690466d6a69c4ec202bf5b15537c?s=96&d=mm&r=g","height":96,"width":96}},"publisher":{"@type":"Organization","name":"elipso.cz","logo":{"@type":"ImageObject","@id":"\/logo.png","url":"\/logo.png","width":600,"height":60}},"image":{"@type":"ImageObject","@id":"https:\/\/www.elipso.cz\/wp-content\/uploads\/summer-842140_640(1)_10_10_10_10_9.jpg","url":"https:\/\/www.elipso.cz\/wp-content\/uploads\/summer-842140_640(1)_10_10_10_10_9.jpg","height":0,"width":0},"wordCount":542,"keywords":null},{"@type":"Article","@id":"https:\/\/www.elipso.cz\/kvalitni-ochrana-ktera-navic-vypada-dobre\/","headline":"Kvalitn\u00ed ochrana, kter\u00e1 nav\u00edc vypad\u00e1 dob\u0159e","url":"https:\/\/www.elipso.cz\/kvalitni-ochrana-ktera-navic-vypada-dobre\/","datePublished":"2024-11-28","dateModified":"2024-11-28","mainEntityOfPage":"https:\/\/www.elipso.cz\/kvalitni-ochrana-ktera-navic-vypada-dobre\/","author":{"@type":"Person","@id":"https:\/\/www.elipso.cz\/author\/devene\/#Person","name":"devene","url":"https:\/\/www.elipso.cz\/author\/devene\/","identifier":1,"image":{"@type":"ImageObject","@id":"https:\/\/secure.gravatar.com\/avatar\/06eaac2906ebd8f5abb4917f3140de1503ec690466d6a69c4ec202bf5b15537c?s=96&d=mm&r=g","url":"https:\/\/secure.gravatar.com\/avatar\/06eaac2906ebd8f5abb4917f3140de1503ec690466d6a69c4ec202bf5b15537c?s=96&d=mm&r=g","height":96,"width":96}},"publisher":{"@type":"Organization","name":"elipso.cz","logo":{"@type":"ImageObject","@id":"\/logo.png","url":"\/logo.png","width":600,"height":60}},"image":null,"wordCount":282,"keywords":null},{"@type":"Article","@id":"https:\/\/www.elipso.cz\/ostraha-vasi-firmy-i-vasi-domacnosti\/","headline":"Ostraha va\u0161\u00ed firmy i va\u0161\u00ed dom\u00e1cnosti","url":"https:\/\/www.elipso.cz\/ostraha-vasi-firmy-i-vasi-domacnosti\/","datePublished":"2024-11-21","dateModified":"2024-11-21","mainEntityOfPage":"https:\/\/www.elipso.cz\/ostraha-vasi-firmy-i-vasi-domacnosti\/","author":{"@type":"Person","@id":"https:\/\/www.elipso.cz\/author\/devene\/#Person","name":"devene","url":"https:\/\/www.elipso.cz\/author\/devene\/","identifier":1,"image":{"@type":"ImageObject","@id":"https:\/\/secure.gravatar.com\/avatar\/06eaac2906ebd8f5abb4917f3140de1503ec690466d6a69c4ec202bf5b15537c?s=96&d=mm&r=g","url":"https:\/\/secure.gravatar.com\/avatar\/06eaac2906ebd8f5abb4917f3140de1503ec690466d6a69c4ec202bf5b15537c?s=96&d=mm&r=g","height":96,"width":96}},"publisher":{"@type":"Organization","name":"elipso.cz","logo":{"@type":"ImageObject","@id":"\/logo.png","url":"\/logo.png","width":600,"height":60}},"image":null,"wordCount":288,"keywords":null},{"@type":"Article","@id":"https:\/\/www.elipso.cz\/nabytek-do-kancelari-v-mnoha-variacich\/","headline":"N\u00e1bytek do kancel\u00e1\u0159\u00ed v mnoha variac\u00edch","url":"https:\/\/www.elipso.cz\/nabytek-do-kancelari-v-mnoha-variacich\/","datePublished":"2024-11-13","dateModified":"2024-11-13","mainEntityOfPage":"https:\/\/www.elipso.cz\/nabytek-do-kancelari-v-mnoha-variacich\/","author":{"@type":"Person","@id":"https:\/\/www.elipso.cz\/author\/devene\/#Person","name":"devene","url":"https:\/\/www.elipso.cz\/author\/devene\/","identifier":1,"image":{"@type":"ImageObject","@id":"https:\/\/secure.gravatar.com\/avatar\/06eaac2906ebd8f5abb4917f3140de1503ec690466d6a69c4ec202bf5b15537c?s=96&d=mm&r=g","url":"https:\/\/secure.gravatar.com\/avatar\/06eaac2906ebd8f5abb4917f3140de1503ec690466d6a69c4ec202bf5b15537c?s=96&d=mm&r=g","height":96,"width":96}},"publisher":{"@type":"Organization","name":"elipso.cz","logo":{"@type":"ImageObject","@id":"\/logo.png","url":"\/logo.png","width":600,"height":60}},"image":null,"wordCount":218,"keywords":null},{"@type":"Article","@id":"https:\/\/www.elipso.cz\/privat-v-praze\/","headline":"Priv\u00e1t v Praze","url":"https:\/\/www.elipso.cz\/privat-v-praze\/","datePublished":"2024-11-09","dateModified":"2024-11-09","mainEntityOfPage":"https:\/\/www.elipso.cz\/privat-v-praze\/","author":{"@type":"Person","@id":"https:\/\/www.elipso.cz\/author\/devene\/#Person","name":"devene","url":"https:\/\/www.elipso.cz\/author\/devene\/","identifier":1,"image":{"@type":"ImageObject","@id":"https:\/\/secure.gravatar.com\/avatar\/06eaac2906ebd8f5abb4917f3140de1503ec690466d6a69c4ec202bf5b15537c?s=96&d=mm&r=g","url":"https:\/\/secure.gravatar.com\/avatar\/06eaac2906ebd8f5abb4917f3140de1503ec690466d6a69c4ec202bf5b15537c?s=96&d=mm&r=g","height":96,"width":96}},"publisher":{"@type":"Organization","name":"elipso.cz","logo":{"@type":"ImageObject","@id":"\/logo.png","url":"\/logo.png","width":600,"height":60}},"image":{"@type":"ImageObject","@id":"https:\/\/www.elipso.cz\/wp-content\/uploads\/attractive-4480435_1280.jpg","url":"https:\/\/www.elipso.cz\/wp-content\/uploads\/attractive-4480435_1280.jpg","height":0,"width":0},"wordCount":658,"keywords":null},{"@type":"Article","@id":"https:\/\/www.elipso.cz\/luxusni-dar\/","headline":"Luxusn\u00ed dar","url":"https:\/\/www.elipso.cz\/luxusni-dar\/","datePublished":"2024-11-08","dateModified":"2024-11-08","mainEntityOfPage":"https:\/\/www.elipso.cz\/luxusni-dar\/","author":{"@type":"Person","@id":"https:\/\/www.elipso.cz\/author\/devene\/#Person","name":"devene","url":"https:\/\/www.elipso.cz\/author\/devene\/","identifier":1,"image":{"@type":"ImageObject","@id":"https:\/\/secure.gravatar.com\/avatar\/06eaac2906ebd8f5abb4917f3140de1503ec690466d6a69c4ec202bf5b15537c?s=96&d=mm&r=g","url":"https:\/\/secure.gravatar.com\/avatar\/06eaac2906ebd8f5abb4917f3140de1503ec690466d6a69c4ec202bf5b15537c?s=96&d=mm&r=g","height":96,"width":96}},"publisher":{"@type":"Organization","name":"elipso.cz","logo":{"@type":"ImageObject","@id":"\/logo.png","url":"\/logo.png","width":600,"height":60}},"image":null,"wordCount":225,"keywords":null},{"@type":"Article","@id":"https:\/\/www.elipso.cz\/jak-zafinancovat-dum-jako-vyplaceni-dedickeho-podilu\/","headline":"Jak zafinancovat d\u016fm jako vyplacen\u00ed d\u011bdick\u00e9ho pod\u00edlu","url":"https:\/\/www.elipso.cz\/jak-zafinancovat-dum-jako-vyplaceni-dedickeho-podilu\/","datePublished":"2024-11-05","dateModified":"2024-11-05","mainEntityOfPage":"https:\/\/www.elipso.cz\/jak-zafinancovat-dum-jako-vyplaceni-dedickeho-podilu\/","author":{"@type":"Person","@id":"https:\/\/www.elipso.cz\/author\/devene\/#Person","name":"devene","url":"https:\/\/www.elipso.cz\/author\/devene\/","identifier":1,"image":{"@type":"ImageObject","@id":"https:\/\/secure.gravatar.com\/avatar\/06eaac2906ebd8f5abb4917f3140de1503ec690466d6a69c4ec202bf5b15537c?s=96&d=mm&r=g","url":"https:\/\/secure.gravatar.com\/avatar\/06eaac2906ebd8f5abb4917f3140de1503ec690466d6a69c4ec202bf5b15537c?s=96&d=mm&r=g","height":96,"width":96}},"publisher":{"@type":"Organization","name":"elipso.cz","logo":{"@type":"ImageObject","@id":"\/logo.png","url":"\/logo.png","width":600,"height":60}},"image":{"@type":"ImageObject","@id":"https:\/\/www.elipso.cz\/wp-content\/uploads\/house-435618_640.jpg","url":"https:\/\/www.elipso.cz\/wp-content\/uploads\/house-435618_640.jpg","height":0,"width":0},"wordCount":712,"keywords":null},{"@type":"Article","@id":"https:\/\/www.elipso.cz\/zmente-dojem-z-vaseho-bydleni\/","headline":"Zm\u011b\u0148te dojem z Va\u0161eho bydlen\u00ed","url":"https:\/\/www.elipso.cz\/zmente-dojem-z-vaseho-bydleni\/","datePublished":"2024-11-01","dateModified":"2024-11-01","mainEntityOfPage":"https:\/\/www.elipso.cz\/zmente-dojem-z-vaseho-bydleni\/","author":{"@type":"Person","@id":"https:\/\/www.elipso.cz\/author\/devene\/#Person","name":"devene","url":"https:\/\/www.elipso.cz\/author\/devene\/","identifier":1,"image":{"@type":"ImageObject","@id":"https:\/\/secure.gravatar.com\/avatar\/06eaac2906ebd8f5abb4917f3140de1503ec690466d6a69c4ec202bf5b15537c?s=96&d=mm&r=g","url":"https:\/\/secure.gravatar.com\/avatar\/06eaac2906ebd8f5abb4917f3140de1503ec690466d6a69c4ec202bf5b15537c?s=96&d=mm&r=g","height":96,"width":96}},"publisher":{"@type":"Organization","name":"elipso.cz","logo":{"@type":"ImageObject","@id":"\/logo.png","url":"\/logo.png","width":600,"height":60}},"image":null,"wordCount":296,"keywords":null},{"@type":"Article","@id":"https:\/\/www.elipso.cz\/do-vaseho-domu-to-nejlepsi\/","headline":"Do va\u0161eho domu to nejlep\u0161\u00ed","url":"https:\/\/www.elipso.cz\/do-vaseho-domu-to-nejlepsi\/","datePublished":"2024-10-24","dateModified":"2024-10-24","mainEntityOfPage":"https:\/\/www.elipso.cz\/do-vaseho-domu-to-nejlepsi\/","author":{"@type":"Person","@id":"https:\/\/www.elipso.cz\/author\/devene\/#Person","name":"devene","url":"https:\/\/www.elipso.cz\/author\/devene\/","identifier":1,"image":{"@type":"ImageObject","@id":"https:\/\/secure.gravatar.com\/avatar\/06eaac2906ebd8f5abb4917f3140de1503ec690466d6a69c4ec202bf5b15537c?s=96&d=mm&r=g","url":"https:\/\/secure.gravatar.com\/avatar\/06eaac2906ebd8f5abb4917f3140de1503ec690466d6a69c4ec202bf5b15537c?s=96&d=mm&r=g","height":96,"width":96}},"publisher":{"@type":"Organization","name":"elipso.cz","logo":{"@type":"ImageObject","@id":"\/logo.png","url":"\/logo.png","width":600,"height":60}},"image":null,"wordCount":269,"keywords":null},{"@type":"Article","@id":"https:\/\/www.elipso.cz\/lek-pro-muze\/","headline":"L\u00e9k pro mu\u017ee","url":"https:\/\/www.elipso.cz\/lek-pro-muze\/","datePublished":"2024-10-19","dateModified":"2024-10-19","mainEntityOfPage":"https:\/\/www.elipso.cz\/lek-pro-muze\/","author":{"@type":"Person","@id":"https:\/\/www.elipso.cz\/author\/devene\/#Person","name":"devene","url":"https:\/\/www.elipso.cz\/author\/devene\/","identifier":1,"image":{"@type":"ImageObject","@id":"https:\/\/secure.gravatar.com\/avatar\/06eaac2906ebd8f5abb4917f3140de1503ec690466d6a69c4ec202bf5b15537c?s=96&d=mm&r=g","url":"https:\/\/secure.gravatar.com\/avatar\/06eaac2906ebd8f5abb4917f3140de1503ec690466d6a69c4ec202bf5b15537c?s=96&d=mm&r=g","height":96,"width":96}},"publisher":{"@type":"Organization","name":"elipso.cz","logo":{"@type":"ImageObject","@id":"\/logo.png","url":"\/logo.png","width":600,"height":60}},"image":{"@type":"ImageObject","@id":"https:\/\/www.elipso.cz\/wp-content\/uploads\/hairdresser-3572053_960_720.jpg","url":"https:\/\/www.elipso.cz\/wp-content\/uploads\/hairdresser-3572053_960_720.jpg","height":0,"width":0},"wordCount":691,"keywords":null}]},{"@context":"https:\/\/schema.org","@type":"WebSite","@id":"https:\/\/www.elipso.cz\/#website","name":"Elipso","url":"https:\/\/www.elipso.cz","potentialAction":{"@type":"SearchAction","target":"https:\/\/www.elipso.cz\/?s={search_term_string}","query-input":"required name=search_term_string"}}]