[{"@context":"https:\/\/schema.org\/","@type":"Article","@id":"https:\/\/www.elipso.cz\/od-nas-to-nejlepsi\/#Article","mainEntityOfPage":"https:\/\/www.elipso.cz\/od-nas-to-nejlepsi\/","headline":"Od n\u00e1s to nejlep\u0161\u00ed","name":"Od n\u00e1s to nejlep\u0161\u00ed","description":"Cht\u011bli byste si trochu ud\u011blat radost a nakoupit si n\u011bjakou p\u011bknou kosmetiku, kter\u00e1 by V\u00e1s mohla t\u011b\u0161it ka\u017ed\u00fd den? M\u011bla by b\u00fdt kvalitn\u00ed, skute\u010dn\u011b fungovat podle toho, co slibuje? Potom jsme tu pro V\u00e1s my, nab\u00edz\u00edme toti\u017e produkty, jako je profesion\u00e1ln\u00ed kosmetika, kterou V\u00e1s jist\u011b pot\u011b\u0161\u00edme. M\u011bli byste z\u00e1jem o tom, pod\u00edvat se, jak\u00e1 profesion\u00e1ln\u00ed...","datePublished":"2024-10-15","dateModified":"2024-10-15","author":{"@type":"Person","@id":"https:\/\/www.elipso.cz\/author\/devene\/#Person","name":"devene","url":"https:\/\/www.elipso.cz\/author\/devene\/","identifier":1,"image":{"@type":"ImageObject","@id":"https:\/\/secure.gravatar.com\/avatar\/06eaac2906ebd8f5abb4917f3140de1503ec690466d6a69c4ec202bf5b15537c?s=96&d=mm&r=g","url":"https:\/\/secure.gravatar.com\/avatar\/06eaac2906ebd8f5abb4917f3140de1503ec690466d6a69c4ec202bf5b15537c?s=96&d=mm&r=g","height":96,"width":96}},"publisher":{"@type":"Organization","name":"elipso.cz","logo":{"@type":"ImageObject","@id":"\/logo.png","url":"\/logo.png","width":600,"height":60}},"url":"https:\/\/www.elipso.cz\/od-nas-to-nejlepsi\/","wordCount":245,"articleBody":"Cht\u011bli byste si trochu ud\u011blat radost a nakoupit si n\u011bjakou p\u011bknou kosmetiku, kter\u00e1 by V\u00e1s mohla t\u011b\u0161it ka\u017ed\u00fd den? M\u011bla by b\u00fdt kvalitn\u00ed, skute\u010dn\u011b fungovat podle toho, co slibuje? Potom jsme tu pro V\u00e1s my, nab\u00edz\u00edme toti\u017e produkty, jako je profesion\u00e1ln\u00ed kosmetika, kterou V\u00e1s jist\u011b pot\u011b\u0161\u00edme. M\u011bli byste z\u00e1jem o tom, pod\u00edvat se, jak\u00e1 profesion\u00e1ln\u00ed kosmetika je v na\u0161em sortimentu? Pokud ano, r\u00e1di bychom V\u00e1s pozvali na n\u00e1\u0161 web, kde jsou k nalezen\u00ed nejen ve\u0161ker\u00e9 produkty, ale tak\u00e9 p\u0159ihl\u00e1\u0161ky na kurzy, ve kter\u00fdch se nau\u010d\u00edte kosmetiku spr\u00e1vn\u011b pou\u017e\u00edvat, nan\u00e1\u0161et a m\u016f\u017eete se tak\u00e9 dozv\u011bd\u011bt n\u011bco bli\u017e\u0161\u00edho o jej\u00edm slo\u017een\u00ed i fungov\u00e1n\u00ed.\tZaj\u00edmav\u00e9 produktyM\u016f\u017eete si b\u00fdt jisti, \u017ee u n\u00e1s naleznete v\u00edce ne\u017e zaj\u00edmav\u00e9 v\u011bci, cht\u011bli bychom V\u00e1m p\u0159edstavit v\u0161e, co V\u00e1m m\u016f\u017ee profesion\u00e1ln\u00ed kosmetika nab\u00eddnout a poskytnout. Cht\u011bli byste sp\u00ed\u0161e n\u011bjak\u00e9 kr\u00e9my na obli\u010dej, t\u011blov\u00e1 ml\u00e9ka anebo byste rad\u011bji n\u011bjakou vlasovou v\u00fd\u017eivu? M\u016f\u017eeme V\u00e1m nab\u00eddnout skute\u010dn\u011b v\u0161e, na\u010d si jen vzpomenete. M\u016f\u017eete si tak\u00e9 vybrat zaj\u00edmav\u00fd bal\u00ed\u010dek, abyste m\u011bli v\u0161e p\u011bkn\u011b pohromad\u011b, jedn\u00e9 v\u016fn\u011b \u010di barvy.                                                                                                                                                                                                                                                                                                                                                                                        4.6\/5 - (5 votes)        "},{"@context":"https:\/\/schema.org\/","@type":"BreadcrumbList","itemListElement":[{"@type":"ListItem","position":1,"name":"Od n\u00e1s to nejlep\u0161\u00ed","item":"https:\/\/www.elipso.cz\/od-nas-to-nejlepsi\/#breadcrumbitem"}]}]