[{"@context":"https:\/\/schema.org\/","@type":"Article","@id":"https:\/\/www.elipso.cz\/mobil-vsude-kam-se-podivas\/#Article","mainEntityOfPage":"https:\/\/www.elipso.cz\/mobil-vsude-kam-se-podivas\/","headline":"Mobil v\u0161ude, kam se pod\u00edv\u00e1\u0161","name":"Mobil v\u0161ude, kam se pod\u00edv\u00e1\u0161","description":"Takov\u00fd \u010dlov\u011bk s\u00a0n\u00edm sp\u00ed a\u00a0r\u00e1no mu d\u00e1v\u00e1 k\u00e1vu, aby se oba nastartovali. P\u0159ijde doba, kdy jej bude obl\u00e9kat do oble\u010dk\u016f a\u00a0d\u00e1vat mu i\u00a0boti\u010dky. Ostatn\u011b, s\u00a0t\u011bmi oble\u010dky, ehm, nekupuj\u00ed si ji\u017e nyn\u00ed lid\u00e9 v\u0161elijak\u00e9 kryty a\u00a0doma nebo jinde mobil p\u0159evl\u00e9kaj\u00ed dle pot\u0159eby?\u00a0Nen\u00ed m\u00edsta, kde byste na v\u00e1\u0161niv\u00e9 \u201emobilisty\u201c nenarazili. Jsou naprosto v\u0161ude a\u00a0jejich sklopen\u00e1 hlava k...","datePublished":"2022-05-04","dateModified":"2022-05-04","author":{"@type":"Person","@id":"https:\/\/www.elipso.cz\/author\/devene\/#Person","name":"devene","url":"https:\/\/www.elipso.cz\/author\/devene\/","identifier":1,"image":{"@type":"ImageObject","@id":"https:\/\/secure.gravatar.com\/avatar\/06eaac2906ebd8f5abb4917f3140de1503ec690466d6a69c4ec202bf5b15537c?s=96&d=mm&r=g","url":"https:\/\/secure.gravatar.com\/avatar\/06eaac2906ebd8f5abb4917f3140de1503ec690466d6a69c4ec202bf5b15537c?s=96&d=mm&r=g","height":96,"width":96}},"publisher":{"@type":"Organization","name":"elipso.cz","logo":{"@type":"ImageObject","@id":"\/logo.png","url":"\/logo.png","width":600,"height":60}},"image":{"@type":"ImageObject","@id":"https:\/\/www.elipso.cz\/wp-content\/uploads\/smartphone_iphone_iphone_6.jpg","url":"https:\/\/www.elipso.cz\/wp-content\/uploads\/smartphone_iphone_iphone_6.jpg","height":0,"width":0},"url":"https:\/\/www.elipso.cz\/mobil-vsude-kam-se-podivas\/","about":["Mobil"],"wordCount":442,"articleBody":"Takov\u00fd \u010dlov\u011bk s\u00a0n\u00edm sp\u00ed a\u00a0r\u00e1no mu d\u00e1v\u00e1 k\u00e1vu, aby se oba nastartovali. P\u0159ijde doba, kdy jej bude obl\u00e9kat do oble\u010dk\u016f a\u00a0d\u00e1vat mu i\u00a0boti\u010dky. Ostatn\u011b, s\u00a0t\u011bmi oble\u010dky, ehm, nekupuj\u00ed si ji\u017e nyn\u00ed lid\u00e9 v\u0161elijak\u00e9 kryty a\u00a0doma nebo jinde mobil p\u0159evl\u00e9kaj\u00ed dle pot\u0159eby?\u00a0Nen\u00ed m\u00edsta, kde byste na v\u00e1\u0161niv\u00e9 \u201emobilisty\u201c nenarazili. Jsou naprosto v\u0161ude a\u00a0jejich sklopen\u00e1 hlava k displeji je prozrazuje. Jejich p\u0159\u00edstroj je pro n\u011b b\u016fh, modla a\u00a0idol dohromady.\u00a0Nu, nic proti tomu, ka\u017ed\u00fd sv\u00e9ho \u0161t\u011bst\u00ed str\u016fjcem. Jen\u017ee, bohu\u017eel, tak m\u016f\u017ee i\u00a0v\u00e1\u0161niv\u00fd \u201emobilista\u201c p\u0159ij\u00edt k\u00a0\u00farazu. A\u00a0n\u011bkdy i\u00a0s\u00a0fat\u00e1ln\u00edmi n\u00e1sledky. Hlavn\u011b, pokud se telefon pou\u017e\u00edv\u00e1 v\u00a0aut\u011b p\u0159i j\u00edzd\u011b. Proto\u017ee ne\u0159\u00edd\u00edm, tak nev\u00edm, zda to n\u00e1hodou nen\u00ed zak\u00e1zan\u00e9. Asi nen\u00ed, proto\u017ee kdy\u017e r\u00e1no kr\u00e1\u010d\u00edm z\u00a0injekce kolem aut, kter\u00e1 jedou dol\u016f z\u00a0kopce, vid\u00edm, \u017ee m\u00e1 v\u00a0ruce mobil ka\u017ed\u00fd druh\u00fd. A\u00a0jsou to p\u0159ev\u00e1\u017en\u011b \u017eeny.\u00a0Ov\u0161em nemus\u00ed to b\u00fdt jen mobil p\u0159i j\u00edzd\u011b. Kolik ji\u017e bylo hav\u00e1ri\u00ed kv\u016fli chodci, sluch\u00e1tk\u016fm a\u00a0sklopen\u00e9 hlav\u011b? Ano, nepozornost je ta hlavn\u00ed p\u0159\u00ed\u010dina. Mobil s\u00e1m za nic nem\u016f\u017ee. Ten je jen pouh\u00fdm n\u00e1strojem v\u00a0rukou sv\u00e9ho p\u00e1na. Tak\u017ee kdy\u017e tento skon\u010d\u00ed pod koly vlaku, z\u016fstane mobil bez n\u011bj. Pokud z\u00a0n\u011bj ov\u0161em nezbude jen hrom\u00e1dka zral\u00e1 tak do k\u0159em\u00edkov\u00e9ho nebe.\u00a0A\u00a0v\u0161imli jste si, kolik lid\u00ed mobil prod\u00e1v\u00e1? U\u017e jej asi nepot\u0159ebuj\u00ed. Dostali rozum a\u00a0rozhodli se \u017e\u00edt v\u00a0klidu. Nebo to m\u016f\u017ee b\u00fdt proto, \u017ee u\u017e p\u0159i\u0161el nejnov\u011bj\u0161\u00ed model. Ano, je o\u00a0p\u00e1r pen\u011bz dra\u017e\u0161\u00ed ne\u017e ten p\u0159edchoz\u00ed, ale m\u00e1 nav\u00edc jednu funkci, tak\u017ee se mus\u00ed koupit. Tato funkce je mo\u017enost vol\u00e1n\u00ed a\u00a0p\u0159ij\u00edm\u00e1n\u00ed hovor\u016f. To posledn\u00ed \u0159ady nem\u011bly, neb v\u00fdrobce jaksi opomenul, k\u00a0\u010demu m\u00e1 ta placat\u00e1 v\u011bci\u010dka slou\u017eit. Kupodivu, tato ned\u016fle\u017eit\u00e1 funkce nechyb\u011bla ani n\u011bkter\u00fdm z\u00e1kazn\u00edk\u016fm.\u00a0Nu\u017ee, lid\u00e9, ne\u017e za\u010dnete b\u00fdt s\u00a0mobilem kamar\u00e1di, uv\u011bdomte si, \u017ee \u017eivot kolem v\u00e1s norm\u00e1ln\u011b b\u011b\u017e\u00ed. M\u016f\u017eete si sice zavolat n\u011bkam hodn\u011b daleko, ale p\u0159i tom m\u016f\u017eete ztratit n\u011bkoho, kdo je u\u00a0v\u00e1s bl\u00edzko.\u00a0                                                                                                                                                                                                                                                                                                                                                                                        4.8\/5 - (5 votes)        "},{"@context":"https:\/\/schema.org\/","@type":"BreadcrumbList","itemListElement":[{"@type":"ListItem","position":1,"name":"Mobil v\u0161ude, kam se pod\u00edv\u00e1\u0161","item":"https:\/\/www.elipso.cz\/mobil-vsude-kam-se-podivas\/#breadcrumbitem"}]}]