[{"@context":"https:\/\/schema.org\/","@type":"Article","@id":"https:\/\/www.elipso.cz\/kazdy-muze-dat-svuj-hlas\/#Article","mainEntityOfPage":"https:\/\/www.elipso.cz\/kazdy-muze-dat-svuj-hlas\/","headline":"Ka\u017ed\u00fd m\u016f\u017ee d\u00e1t sv\u016fj hlas","name":"Ka\u017ed\u00fd m\u016f\u017ee d\u00e1t sv\u016fj hlas","description":"Politika je opravdu velice, ale velice n\u00e1ro\u010dn\u00e9 a zdlouhav\u00e9 t\u00e9ma. O politice bychom se mohli bavit opravdu ka\u017ed\u00fd den. Proto\u017ee v\u017edycky je co prob\u00edrat. Samoz\u0159ejm\u011b ale nen\u00ed na sv\u011bt\u011b jenom politika, tak\u017ee bychom se m\u011bli zab\u00fdvat \u00fapln\u011b v\u0161\u00edm mo\u017en\u00fdm, nejenom politikou. Proto\u017ee bychom u toho str\u00e1vili i n\u011bkolik hodin denn\u011b. Samoz\u0159ejm\u011b sv\u00fdm zp\u016fsobem se sna\u017e\u00edme...","datePublished":"2024-06-19","dateModified":"2024-06-19","author":{"@type":"Person","@id":"https:\/\/www.elipso.cz\/author\/devene\/#Person","name":"devene","url":"https:\/\/www.elipso.cz\/author\/devene\/","identifier":1,"image":{"@type":"ImageObject","@id":"https:\/\/secure.gravatar.com\/avatar\/06eaac2906ebd8f5abb4917f3140de1503ec690466d6a69c4ec202bf5b15537c?s=96&d=mm&r=g","url":"https:\/\/secure.gravatar.com\/avatar\/06eaac2906ebd8f5abb4917f3140de1503ec690466d6a69c4ec202bf5b15537c?s=96&d=mm&r=g","height":96,"width":96}},"publisher":{"@type":"Organization","name":"elipso.cz","logo":{"@type":"ImageObject","@id":"\/logo.png","url":"\/logo.png","width":600,"height":60}},"image":{"@type":"ImageObject","@id":"https:\/\/www.elipso.cz\/wp-content\/uploads\/money-496229_1280_10_10_10_10_10_10_10_10_10_10_10_2.jpg","url":"https:\/\/www.elipso.cz\/wp-content\/uploads\/money-496229_1280_10_10_10_10_10_10_10_10_10_10_10_2.jpg","height":0,"width":0},"url":"https:\/\/www.elipso.cz\/kazdy-muze-dat-svuj-hlas\/","about":["Politika"],"wordCount":451,"articleBody":"Politika je opravdu velice, ale velice n\u00e1ro\u010dn\u00e9 a zdlouhav\u00e9 t\u00e9ma. O politice bychom se mohli bavit opravdu ka\u017ed\u00fd den. Proto\u017ee v\u017edycky je co prob\u00edrat. Samoz\u0159ejm\u011b ale nen\u00ed na sv\u011bt\u011b jenom politika, tak\u017ee bychom se m\u011bli zab\u00fdvat \u00fapln\u011b v\u0161\u00edm mo\u017en\u00fdm, nejenom politikou. Proto\u017ee bychom u toho str\u00e1vili i n\u011bkolik hodin denn\u011b. Samoz\u0159ejm\u011b sv\u00fdm zp\u016fsobem se sna\u017e\u00edme my lid\u00e9 zm\u011bnit \u017eivot, ale ono to nejde, proto\u017ee po\u0159\u00e1d jsou n\u011bjak\u00e9 spekulace, h\u00e1dky a nen\u00ed to prost\u011b v\u016fbec dobr\u00e9, tak\u017ee ur\u010dit\u011b my lid\u00e9 asi nerozhodneme nic moc. Ka\u017ed\u00fd opravdu se mus\u00ed sna\u017eit o to, aby m\u011bl lep\u0161\u00ed \u017eivot, a mus\u00ed se o to ka\u017ed\u00fd sna\u017eit asi s\u00e1m.Proto\u017ee kdybychom \u010dekali na lidi, kte\u0159\u00ed n\u00e1m k tomu pom\u016f\u017eou, tak bychom se asi ani nedo\u010dkali, tak\u017ee opravdu si ka\u017ed\u00fd mus\u00ed hr\u00e1t na tom sv\u00e9m p\u00edse\u010dku. Samoz\u0159ejm\u011b ka\u017ed\u00fd \u010dlov\u011bk chce \u017e\u00edt kr\u00e1sn\u00fd \u017eivot, o to se sna\u017e\u00ed naprosto kdokoliv, ale opravdu v \u017eivot\u011b n\u00e1m v\u017edycky vstoup\u00ed do cesty n\u011bco, co prost\u011b n\u00e1m zm\u011bn\u00ed nebo zkomplikuje \u017eivot, a pak je to takov\u00e9 n\u00e1ro\u010dn\u00e9, tak\u017ee opravdu bychom si m\u011bli v\u00e1\u017eit ka\u017edi\u010dk\u00e9 vhodn\u00e9 chvilky, a\u0165 u\u017e jsou v \u017eivot\u011b n\u011bjak\u00e9 h\u00e1dky nebo n\u011bjak\u00e9 o\u0161kliv\u00e9 v\u011bci, kter\u00e9 se n\u00e1m staly, tak je prost\u011b pot\u0159eba je hodit tro\u0161ku za hlavu a j\u00edt prost\u011b d\u00e1l.Tak to prost\u011b chod\u00ed i v pr\u00e1ci, kdy\u017e \u010dlov\u011bk prost\u011b pracuje, m\u00e1me m\u00e1lo pen\u011bz, \u010dek\u00e1me, a\u017e vl\u00e1da schv\u00e1l\u00ed vy\u0161\u0161\u00ed plat, tak opravdu bychom se nedo\u010dkali pomalu ni\u010deho, tak\u017ee opravdu mus\u00edme b\u00fdt r\u00e1di za to v\u016fbec, co je, a sna\u017eit se o to, abychom prost\u011b fungovali a ne\u0159e\u0161ili ty v\u011bci, kter\u00e9 se prost\u011b d\u011bj\u00ed. Samoz\u0159ejm\u011b kdo chod\u00ed volit, tak je to fajn, proto\u017ee ka\u017ed\u00fd hlas se po\u010d\u00edt\u00e1, tak\u017ee opravdu si mysl\u00edm, \u017ee ka\u017ed\u00fd prost\u011b m\u016f\u017ee si s\u00e1m rozhodnout, komu ten sv\u016fj hlas d\u00e1, a mysl\u00edm si, \u017ee to je dob\u0159e, \u017ee takhle m\u016f\u017eeme tro\u0161ku i o tom my rozhodovat, a t\u0159eba vyj\u00e1d\u0159it i ten sv\u016fj n\u00e1zor, jak\u00fd na to prost\u011b \u010dlov\u011bk m\u00e1. V\u017edycky bychom si opravdu m\u011bly prosadit tak\u00e9 to svoje m\u00edn\u011bn\u00ed, proto\u017ee to se od n\u00e1s o\u010dek\u00e1v\u00e1.                                                                                                                                                                                                                                                                                                                                                                                        4.4\/5 - (5 votes)        "},{"@context":"https:\/\/schema.org\/","@type":"BreadcrumbList","itemListElement":[{"@type":"ListItem","position":1,"name":"Ka\u017ed\u00fd m\u016f\u017ee d\u00e1t sv\u016fj hlas","item":"https:\/\/www.elipso.cz\/kazdy-muze-dat-svuj-hlas\/#breadcrumbitem"}]}]