[{"@context":"https:\/\/schema.org\/","@type":"Article","@id":"https:\/\/www.elipso.cz\/chcete-pekne-obleceni\/#Article","mainEntityOfPage":"https:\/\/www.elipso.cz\/chcete-pekne-obleceni\/","headline":"Chcete p\u011bkn\u00e9 oble\u010den\u00ed?","name":"Chcete p\u011bkn\u00e9 oble\u010den\u00ed?","description":"\u010clov\u011bk je \u0161\u0165astn\u00fd a m\u011bl by ve sv\u00e9m \u017eivot\u011b b\u00fdt co nej\u0161\u0165astn\u011bj\u0161\u00ed. No a p\u0159edstavte si, \u017ee m\u00e1te d\u00edt\u011b. To jste asi ta nej\u0161\u0165astn\u011bj\u0161\u00ed \u017eena na sv\u011bt\u011b. Ka\u017ed\u00e1 maminka je za svoje d\u00edt\u011b \u0161\u0165astn\u00e1.. Alespo\u0148 j\u00e1 jsem to tak m\u011bla a st\u00e1le m\u00e1m. Je\u0161t\u011b si pamatuji, jak jsem byla t\u011bhotn\u00e1 a n\u00e1sledn\u011b jak se mi...","datePublished":"2024-10-11","dateModified":"2024-10-11","author":{"@type":"Person","@id":"https:\/\/www.elipso.cz\/author\/devene\/#Person","name":"devene","url":"https:\/\/www.elipso.cz\/author\/devene\/","identifier":1,"image":{"@type":"ImageObject","@id":"https:\/\/secure.gravatar.com\/avatar\/06eaac2906ebd8f5abb4917f3140de1503ec690466d6a69c4ec202bf5b15537c?s=96&d=mm&r=g","url":"https:\/\/secure.gravatar.com\/avatar\/06eaac2906ebd8f5abb4917f3140de1503ec690466d6a69c4ec202bf5b15537c?s=96&d=mm&r=g","height":96,"width":96}},"publisher":{"@type":"Organization","name":"elipso.cz","logo":{"@type":"ImageObject","@id":"\/logo.png","url":"\/logo.png","width":600,"height":60}},"image":{"@type":"ImageObject","@id":"https:\/\/www.elipso.cz\/wp-content\/uploads\/pexels-pixabay-47220_1.jpg","url":"https:\/\/www.elipso.cz\/wp-content\/uploads\/pexels-pixabay-47220_1.jpg","height":0,"width":0},"url":"https:\/\/www.elipso.cz\/chcete-pekne-obleceni\/","wordCount":408,"articleBody":"   \u010clov\u011bk je \u0161\u0165astn\u00fd a m\u011bl by ve sv\u00e9m \u017eivot\u011b b\u00fdt co nej\u0161\u0165astn\u011bj\u0161\u00ed. No a p\u0159edstavte si, \u017ee m\u00e1te d\u00edt\u011b. To jste asi ta nej\u0161\u0165astn\u011bj\u0161\u00ed \u017eena na sv\u011bt\u011b. Ka\u017ed\u00e1 maminka je za svoje d\u00edt\u011b \u0161\u0165astn\u00e1.. Alespo\u0148 j\u00e1 jsem to tak m\u011bla a st\u00e1le m\u00e1m. Je\u0161t\u011b si pamatuji, jak jsem byla t\u011bhotn\u00e1 a n\u00e1sledn\u011b jak se mi dcera narodila. V\u0161echno to bylo takov\u00e9 nov\u00e9, zvl\u00e1\u0161tn\u00ed, ale z\u00e1rove\u0148 moc kr\u00e1sn\u00e9 obdob\u00ed. No a samoz\u0159ejm\u011b \u017ee u\u017e porodem jsem se zaj\u00edmala o to, abych m\u011bla n\u011bjak\u00e9 oble\u010den\u00ed pro svou dceru, kdy\u017e se narod\u00ed, abych byla alespo\u0148 trochu p\u0159ipraven\u00e1. Chvilku jsem p\u0159em\u00fd\u0161lela, kde m\u00e1m oble\u010den\u00ed pro miminka sh\u00e1n\u011bt. Jedn\u00e1 varianta byla zaj\u00edt do oby\u010dejn\u00e9 kamenn\u00e9 prodejny, ale to jsem necht\u011bla. Sp\u00ed\u0161e jsem cht\u011bla n\u011bjak\u00e9 fajn oble\u010den\u00ed pro miminka na \u00farovni, hlavn\u011b aby bylo kvalitn\u00ed a z dobr\u00e9ho materi\u00e1lu. A tak jsem zkou\u0161ela prohled\u00e1vat i internet, jestli tam nen\u00ed n\u011bjak\u00fd solidn\u00ed internetov\u00fd e-shop, od kter\u00e9ho bych mohla n\u011bjak\u00e9 p\u011bkn\u00e9 barevn\u00e9 a kvalitn\u00ed oble\u010den\u00ed koupit. No a najednou jsem na\u0161la str\u00e1nku kojeneckeobleceni.cz, ze kter\u00e9 jsem popravd\u011b byla stra\u0161n\u011b moc nad\u0161en\u00e1. Spl\u0148ovali p\u0159edstavy v\u0161eho, co m\u00e1 za m\u011b kvalitn\u00ed e-shop s oble\u010den\u00edm pro miminka m\u00edt.A tak jsem z toho byla nad\u0161en\u00e1. Hned jsem si prohl\u00e9dla jejich str\u00e1nky a zjistila jsem, \u017ee maj\u00ed naprosto v\u0161echno oble\u010den\u00ed pro miminka. Od kojeneck\u00fdch souprav, po overaly, tri\u010dka, kalhoty, dupa\u010dky. A dokonce i d\u00e1rkov\u00e9 bal\u00ed\u010dky a hra\u010dky pro d\u011bti. Tak\u017ee jsem s v\u00fdb\u011brem byla opravdu spokojen\u00e1. Nakoupila jsem v\u0161echno, co jsem pot\u0159ebovala. A to za super cenu, tak\u017ee j\u00e1 si nemohu st\u011b\u017eovat. Oble\u010den\u00ed z jejich e-shopu je opravdu kvalitn\u00ed a mysl\u00edm si, \u017ee je jenom m\u00e1lo takov\u00fdch e-shop\u016f, kter\u00e9 odpov\u00eddaj\u00ed kvalitou a je\u0161t\u011b je koup\u00edte za skv\u011blou cenu. Ur\u010dit\u011b se pod\u00edvejte na jejich str\u00e1nky a uvid\u00edte, jak se v\u00e1m oble\u010den\u00ed od nich bude l\u00edbit. Ur\u010dit\u011b bude, t\u00edm jsem si jist\u00e1. No a bal\u00ed\u010dek v\u00e1m brzo p\u0159ijde.                                                                                                                                                                                                                                                                                                                                                                                          3.5\/5 - (11 votes)        "},{"@context":"https:\/\/schema.org\/","@type":"BreadcrumbList","itemListElement":[{"@type":"ListItem","position":1,"name":"Chcete p\u011bkn\u00e9 oble\u010den\u00ed?","item":"https:\/\/www.elipso.cz\/chcete-pekne-obleceni\/#breadcrumbitem"}]}]