[{"@context":"https:\/\/schema.org\/","@type":"Blog","@id":"https:\/\/www.elipso.cz#Blog","headline":"Elipso","description":"\nUr\u010dit\u011b v\u00e1m na tomto m\u00edst\u011b nebudeme tvrdit, \u017ee je n\u00e1\u0161 web n\u011b\u010d\u00edm naprosto dokonal\u00fdm. Rad\u0161i po\u010dk\u00e1me, a\u017e ho nav\u0161t\u00edv\u00edte a budete to o n\u00e1s tvrdit vy.","url":"https:\/\/www.elipso.cz","hasPart":[{"@type":"Article","@id":"https:\/\/www.elipso.cz\/jak-se-resi-reklamace-a-vraceni-zbozi\/","headline":"Jak se \u0159e\u0161\u00ed reklamace a vr\u00e1cen\u00ed zbo\u017e\u00ed","url":"https:\/\/www.elipso.cz\/jak-se-resi-reklamace-a-vraceni-zbozi\/","datePublished":"2025-06-01","dateModified":"2025-06-01","mainEntityOfPage":"https:\/\/www.elipso.cz\/jak-se-resi-reklamace-a-vraceni-zbozi\/","author":{"@type":"Person","@id":"https:\/\/www.elipso.cz\/author\/devene\/#Person","name":"devene","url":"https:\/\/www.elipso.cz\/author\/devene\/","identifier":1,"image":{"@type":"ImageObject","@id":"https:\/\/secure.gravatar.com\/avatar\/06eaac2906ebd8f5abb4917f3140de1503ec690466d6a69c4ec202bf5b15537c?s=96&d=mm&r=g","url":"https:\/\/secure.gravatar.com\/avatar\/06eaac2906ebd8f5abb4917f3140de1503ec690466d6a69c4ec202bf5b15537c?s=96&d=mm&r=g","height":96,"width":96}},"publisher":{"@type":"Organization","name":"elipso.cz","logo":{"@type":"ImageObject","@id":"\/logo.png","url":"\/logo.png","width":600,"height":60}},"image":{"@type":"ImageObject","@id":"https:\/\/www.elipso.cz\/wp-content\/uploads\/reklamace1(1).png","url":"https:\/\/www.elipso.cz\/wp-content\/uploads\/reklamace1(1).png","height":0,"width":0},"wordCount":569,"keywords":null},{"@type":"Article","@id":"https:\/\/www.elipso.cz\/kdyz-chcete-rici-milovane-bytosti-ano\/","headline":"Kdy\u017e chcete \u0159\u00edci milovan\u00e9 bytosti ano","url":"https:\/\/www.elipso.cz\/kdyz-chcete-rici-milovane-bytosti-ano\/","datePublished":"2025-04-21","dateModified":"2025-04-21","mainEntityOfPage":"https:\/\/www.elipso.cz\/kdyz-chcete-rici-milovane-bytosti-ano\/","author":{"@type":"Person","@id":"https:\/\/www.elipso.cz\/author\/devene\/#Person","name":"devene","url":"https:\/\/www.elipso.cz\/author\/devene\/","identifier":1,"image":{"@type":"ImageObject","@id":"https:\/\/secure.gravatar.com\/avatar\/06eaac2906ebd8f5abb4917f3140de1503ec690466d6a69c4ec202bf5b15537c?s=96&d=mm&r=g","url":"https:\/\/secure.gravatar.com\/avatar\/06eaac2906ebd8f5abb4917f3140de1503ec690466d6a69c4ec202bf5b15537c?s=96&d=mm&r=g","height":96,"width":96}},"publisher":{"@type":"Organization","name":"elipso.cz","logo":{"@type":"ImageObject","@id":"\/logo.png","url":"\/logo.png","width":600,"height":60}},"image":null,"wordCount":201,"keywords":null},{"@type":"Article","@id":"https:\/\/www.elipso.cz\/tricka-dle-vlastniho-navrhu\/","headline":"Tri\u010dka dle vlastn\u00edho n\u00e1vrhu","url":"https:\/\/www.elipso.cz\/tricka-dle-vlastniho-navrhu\/","datePublished":"2025-04-15","dateModified":"2025-04-15","mainEntityOfPage":"https:\/\/www.elipso.cz\/tricka-dle-vlastniho-navrhu\/","author":{"@type":"Person","@id":"https:\/\/www.elipso.cz\/author\/devene\/#Person","name":"devene","url":"https:\/\/www.elipso.cz\/author\/devene\/","identifier":1,"image":{"@type":"ImageObject","@id":"https:\/\/secure.gravatar.com\/avatar\/06eaac2906ebd8f5abb4917f3140de1503ec690466d6a69c4ec202bf5b15537c?s=96&d=mm&r=g","url":"https:\/\/secure.gravatar.com\/avatar\/06eaac2906ebd8f5abb4917f3140de1503ec690466d6a69c4ec202bf5b15537c?s=96&d=mm&r=g","height":96,"width":96}},"publisher":{"@type":"Organization","name":"elipso.cz","logo":{"@type":"ImageObject","@id":"\/logo.png","url":"\/logo.png","width":600,"height":60}},"image":null,"wordCount":216,"keywords":null},{"@type":"Article","@id":"https:\/\/www.elipso.cz\/autodesk-inventor-revoluce-v-oblasti-cad\/","headline":"Autodesk Inventor: Revoluce v oblasti CAD","url":"https:\/\/www.elipso.cz\/autodesk-inventor-revoluce-v-oblasti-cad\/","datePublished":"2025-04-07","dateModified":"2025-04-07","mainEntityOfPage":"https:\/\/www.elipso.cz\/autodesk-inventor-revoluce-v-oblasti-cad\/","author":{"@type":"Person","@id":"https:\/\/www.elipso.cz\/author\/devene\/#Person","name":"devene","url":"https:\/\/www.elipso.cz\/author\/devene\/","identifier":1,"image":{"@type":"ImageObject","@id":"https:\/\/secure.gravatar.com\/avatar\/06eaac2906ebd8f5abb4917f3140de1503ec690466d6a69c4ec202bf5b15537c?s=96&d=mm&r=g","url":"https:\/\/secure.gravatar.com\/avatar\/06eaac2906ebd8f5abb4917f3140de1503ec690466d6a69c4ec202bf5b15537c?s=96&d=mm&r=g","height":96,"width":96}},"publisher":{"@type":"Organization","name":"elipso.cz","logo":{"@type":"ImageObject","@id":"\/logo.png","url":"\/logo.png","width":600,"height":60}},"image":{"@type":"ImageObject","@id":"https:\/\/www.elipso.cz\/wp-content\/uploads\/invetor_iLekUH.png","url":"https:\/\/www.elipso.cz\/wp-content\/uploads\/invetor_iLekUH.png","height":0,"width":0},"wordCount":587,"keywords":null},{"@type":"Article","@id":"https:\/\/www.elipso.cz\/autodesk-inventor-revoluce-v-oblasti-cad\/","headline":"Autodesk Inventor: Revoluce v oblasti CAD","url":"https:\/\/www.elipso.cz\/autodesk-inventor-revoluce-v-oblasti-cad\/","datePublished":"2025-04-07","dateModified":"2025-04-07","mainEntityOfPage":"https:\/\/www.elipso.cz\/autodesk-inventor-revoluce-v-oblasti-cad\/","author":{"@type":"Person","@id":"https:\/\/www.elipso.cz\/author\/devene\/#Person","name":"devene","url":"https:\/\/www.elipso.cz\/author\/devene\/","identifier":1,"image":{"@type":"ImageObject","@id":"https:\/\/secure.gravatar.com\/avatar\/06eaac2906ebd8f5abb4917f3140de1503ec690466d6a69c4ec202bf5b15537c?s=96&d=mm&r=g","url":"https:\/\/secure.gravatar.com\/avatar\/06eaac2906ebd8f5abb4917f3140de1503ec690466d6a69c4ec202bf5b15537c?s=96&d=mm&r=g","height":96,"width":96}},"publisher":{"@type":"Organization","name":"elipso.cz","logo":{"@type":"ImageObject","@id":"\/logo.png","url":"\/logo.png","width":600,"height":60}},"image":null,"wordCount":556,"keywords":null},{"@type":"Article","@id":"https:\/\/www.elipso.cz\/autosklo-praha-5\/","headline":"Autosklo Praha 5","url":"https:\/\/www.elipso.cz\/autosklo-praha-5\/","datePublished":"2025-04-05","dateModified":"2025-04-05","mainEntityOfPage":"https:\/\/www.elipso.cz\/autosklo-praha-5\/","author":{"@type":"Person","@id":"https:\/\/www.elipso.cz\/author\/devene\/#Person","name":"devene","url":"https:\/\/www.elipso.cz\/author\/devene\/","identifier":1,"image":{"@type":"ImageObject","@id":"https:\/\/secure.gravatar.com\/avatar\/06eaac2906ebd8f5abb4917f3140de1503ec690466d6a69c4ec202bf5b15537c?s=96&d=mm&r=g","url":"https:\/\/secure.gravatar.com\/avatar\/06eaac2906ebd8f5abb4917f3140de1503ec690466d6a69c4ec202bf5b15537c?s=96&d=mm&r=g","height":96,"width":96}},"publisher":{"@type":"Organization","name":"elipso.cz","logo":{"@type":"ImageObject","@id":"\/logo.png","url":"\/logo.png","width":600,"height":60}},"image":null,"wordCount":184,"keywords":null},{"@type":"Article","@id":"https:\/\/www.elipso.cz\/elektronicka-cigareta\/","headline":"Elektronick\u00e1 cigareta","url":"https:\/\/www.elipso.cz\/elektronicka-cigareta\/","datePublished":"2025-03-29","dateModified":"2025-03-29","mainEntityOfPage":"https:\/\/www.elipso.cz\/elektronicka-cigareta\/","author":{"@type":"Person","@id":"https:\/\/www.elipso.cz\/author\/devene\/#Person","name":"devene","url":"https:\/\/www.elipso.cz\/author\/devene\/","identifier":1,"image":{"@type":"ImageObject","@id":"https:\/\/secure.gravatar.com\/avatar\/06eaac2906ebd8f5abb4917f3140de1503ec690466d6a69c4ec202bf5b15537c?s=96&d=mm&r=g","url":"https:\/\/secure.gravatar.com\/avatar\/06eaac2906ebd8f5abb4917f3140de1503ec690466d6a69c4ec202bf5b15537c?s=96&d=mm&r=g","height":96,"width":96}},"publisher":{"@type":"Organization","name":"elipso.cz","logo":{"@type":"ImageObject","@id":"\/logo.png","url":"\/logo.png","width":600,"height":60}},"image":null,"wordCount":233,"keywords":null},{"@type":"Article","@id":"https:\/\/www.elipso.cz\/lepsi-prostredi-delaji-nase-rohove-sedaci-soupravy\/","headline":"Lep\u0161\u00ed prost\u0159ed\u00ed d\u011blaj\u00ed na\u0161e rohov\u00e9 sedac\u00ed soupravy","url":"https:\/\/www.elipso.cz\/lepsi-prostredi-delaji-nase-rohove-sedaci-soupravy\/","datePublished":"2025-03-19","dateModified":"2025-03-19","mainEntityOfPage":"https:\/\/www.elipso.cz\/lepsi-prostredi-delaji-nase-rohove-sedaci-soupravy\/","author":{"@type":"Person","@id":"https:\/\/www.elipso.cz\/author\/devene\/#Person","name":"devene","url":"https:\/\/www.elipso.cz\/author\/devene\/","identifier":1,"image":{"@type":"ImageObject","@id":"https:\/\/secure.gravatar.com\/avatar\/06eaac2906ebd8f5abb4917f3140de1503ec690466d6a69c4ec202bf5b15537c?s=96&d=mm&r=g","url":"https:\/\/secure.gravatar.com\/avatar\/06eaac2906ebd8f5abb4917f3140de1503ec690466d6a69c4ec202bf5b15537c?s=96&d=mm&r=g","height":96,"width":96}},"publisher":{"@type":"Organization","name":"elipso.cz","logo":{"@type":"ImageObject","@id":"\/logo.png","url":"\/logo.png","width":600,"height":60}},"image":null,"wordCount":272,"keywords":null},{"@type":"Article","@id":"https:\/\/www.elipso.cz\/pobyty-pro-seniory-v-nejruznejsich-lokalitach-jsou-tu\/","headline":"Pobyty pro seniory v nejr\u016fzn\u011bj\u0161\u00edch lokalit\u00e1ch jsou tu!","url":"https:\/\/www.elipso.cz\/pobyty-pro-seniory-v-nejruznejsich-lokalitach-jsou-tu\/","datePublished":"2025-03-11","dateModified":"2025-03-11","mainEntityOfPage":"https:\/\/www.elipso.cz\/pobyty-pro-seniory-v-nejruznejsich-lokalitach-jsou-tu\/","author":{"@type":"Person","@id":"https:\/\/www.elipso.cz\/author\/devene\/#Person","name":"devene","url":"https:\/\/www.elipso.cz\/author\/devene\/","identifier":1,"image":{"@type":"ImageObject","@id":"https:\/\/secure.gravatar.com\/avatar\/06eaac2906ebd8f5abb4917f3140de1503ec690466d6a69c4ec202bf5b15537c?s=96&d=mm&r=g","url":"https:\/\/secure.gravatar.com\/avatar\/06eaac2906ebd8f5abb4917f3140de1503ec690466d6a69c4ec202bf5b15537c?s=96&d=mm&r=g","height":96,"width":96}},"publisher":{"@type":"Organization","name":"elipso.cz","logo":{"@type":"ImageObject","@id":"\/logo.png","url":"\/logo.png","width":600,"height":60}},"image":null,"wordCount":282,"keywords":null},{"@type":"Article","@id":"https:\/\/www.elipso.cz\/stylova-nova-terasa-v-pudnim-byte-s-vyhledem-na-sto-vezi-prahy\/","headline":"Stylov\u00e1 nov\u00e1 terasa v\u00a0p\u016fdn\u00edm byt\u011b s\u00a0v\u00fdhledem na sto v\u011b\u017e\u00ed Prahy","url":"https:\/\/www.elipso.cz\/stylova-nova-terasa-v-pudnim-byte-s-vyhledem-na-sto-vezi-prahy\/","datePublished":"2025-03-03","dateModified":"2025-03-03","mainEntityOfPage":"https:\/\/www.elipso.cz\/stylova-nova-terasa-v-pudnim-byte-s-vyhledem-na-sto-vezi-prahy\/","author":{"@type":"Person","@id":"https:\/\/www.elipso.cz\/author\/devene\/#Person","name":"devene","url":"https:\/\/www.elipso.cz\/author\/devene\/","identifier":1,"image":{"@type":"ImageObject","@id":"https:\/\/secure.gravatar.com\/avatar\/06eaac2906ebd8f5abb4917f3140de1503ec690466d6a69c4ec202bf5b15537c?s=96&d=mm&r=g","url":"https:\/\/secure.gravatar.com\/avatar\/06eaac2906ebd8f5abb4917f3140de1503ec690466d6a69c4ec202bf5b15537c?s=96&d=mm&r=g","height":96,"width":96}},"publisher":{"@type":"Organization","name":"elipso.cz","logo":{"@type":"ImageObject","@id":"\/logo.png","url":"\/logo.png","width":600,"height":60}},"image":null,"wordCount":202,"keywords":null}]},{"@context":"https:\/\/schema.org","@type":"WebSite","@id":"https:\/\/www.elipso.cz\/#website","name":"Elipso","url":"https:\/\/www.elipso.cz","potentialAction":{"@type":"SearchAction","target":"https:\/\/www.elipso.cz\/?s={search_term_string}","query-input":"required name=search_term_string"}}]